{"id":579,"date":"2019-08-01T10:43:15","date_gmt":"2019-08-01T10:43:15","guid":{"rendered":"https:\/\/glitche-demo.bslthemes.com\/?post_type=portfolio&#038;p=82"},"modified":"2023-08-16T09:31:18","modified_gmt":"2023-08-16T12:31:18","slug":"elentre","status":"publish","type":"post","link":"https:\/\/juanmartinezgarcia.com\/portfolio\/elentre\/","title":{"rendered":"El Entre"},"content":{"rendered":"<div class=\"entry\">\n<div>\n<p><strong><em>Grupo de investigaci\u00f3n y producci\u00f3n perform\u00e1tica en espacios no convencionales<\/em><\/strong><\/p>\n<\/div>\n<blockquote><p>Hablar de El Entre, m\u00e1s que una serie de certezas, es un manojo de preguntas. \u00bfPara qu\u00e9 hacemos arte? \u00bfSolo por el goce est\u00e9tico? \u00bfO para intervenir en la vida social con una herramienta po\u00e9tica? \u00bfo para las dos cosas a la vez?\u00bfPor qu\u00e9 el espacio p\u00fablico? \u00bfPara abrir el abanico de posibles miradas? \u00bfPara repensar el propio lenguaje a la hora de ser observados por el hombre y la mujer que transitan o que \u201chabitan\u201d en la calle?.\u00bfPor qu\u00e9 investigaci\u00f3n y producci\u00f3n perform\u00e1tica?.<em>Performance entendida como territorio de entrecruce entre lenguajes art\u00edsticos, b\u00fasqueda de sentido, an\u00e1lisis de concepto, movilidad de fronteras<\/em> \u2013 Blanca Rizzo<\/p><\/blockquote>\n<p><a href=\"https:\/\/blanca-rizzo.blogspot.com\/p\/grupos.html\" target=\"_blank\" rel=\"noopener\">Ver el contenido completo + videos en el sitio de Blanca Rizzo<\/a><\/p>\n<p>Intervenciones y obra \u201cCronot\u00f3pica\u201d en:<\/p>\n<p>2009: 6to Festival multidisciplinario de Arte ENLACES en UNTREF-Caseros.<\/p>\n<p>Festival Fiesta Fausta. Concordia (Entre R\u00edos): <a href=\"https:\/\/youtu.be\/1ZmIuADQQD0\" target=\"_blank\" rel=\"noopener\">Plaza principal<\/a> Villa El Silencio<\/p>\n<figure><\/figure>\n<p>Castillo San Carlos<\/p>\n<figure><\/figure>\n<p>Hacia un Arte del Encuentro- Fabrica recuperada Chilavert. <a href=\"https:\/\/youtu.be\/HLTH4SXnxJw\" target=\"_blank\" rel=\"noopener\">Performance en el Sabato.<\/a> Marcha del 24 de marzo. Organismos de derechos Humanos. XXVII Congreso Alas 2009 en Facultad de Ciencias Sociales-UBA.<\/p>\n<figure><\/figure>\n<p>2008: Funciones en Teatro: Manufactura Papelera dentro del ciclo COCOA 10 a\u00f1os. Cuatro funciones.<\/p>\n<figure><\/figure>\n<p>Intervenciones: Ciudad en Movimiento-Festival COCOA 10 a\u00f1os- La Plata. <a href=\"https:\/\/youtu.be\/ZacJ20LAbV0\" target=\"_blank\" rel=\"noopener\">Cuatro Intervenciones en Plaza Houssay.<\/a><\/p>\n<figure><\/figure>\n<p>Facultad de Ciencias Sociales junto con Sociolog\u00eda Contraataca. Facultad de Filosof\u00eda y Letras-Reinauguraci\u00f3n del Centro Cultural del Centro de Estudiantes. <a href=\"https:\/\/youtu.be\/1Vt4vF1Uj70\" target=\"_blank\" rel=\"noopener\">Intervenci\u00f3n en Inauguraci\u00f3n del cine \u201cLa Fraternidad\u201d en Villa 21.<\/a> Jornada de lucha de la Facultad de Medicina en Plaza Houssay. La noche de los Museos junto al Colectivo Sociolog\u00eda Contraataca con nuestro querido amigo Lucas Rubinich.<\/p>\n<figure><\/figure>\n<p>Movilizaci\u00f3n de protesta del IUNA al Palacio Pizzurno.<\/p>\n<figure><\/figure>\n<p>Fiesta: Perform\u00e1tica II en el Centro Cultural Sabato. 2007. Fiesta: Perform\u00e1tica I en el Centro Cultural Sabato. Intervenciones: Patio Uriburu Facultad de C.Econ\u00f3micas. Plaza Congreso. Puente de la Facultad de Abogac\u00eda<\/p>\n<figure><\/figure>\n<p><a href=\"https:\/\/blanca-rizzo.blogspot.com\/p\/grupos.html\" target=\"_blank\" rel=\"noopener\">Extracci\u00f3n del sitio web de Blanca Rizzo<\/a><\/p>\n<\/div>\n\n\n<figure class=\"wp-block-image size-full\"><img fetchpriority=\"high\" decoding=\"async\" width=\"1000\" height=\"1000\" src=\"https:\/\/juanmartinezgarcia.com\/portfolio\/wp-content\/uploads\/entre1.jpg\" alt=\"El Entre\" class=\"wp-image-2715\" srcset=\"https:\/\/juanmartinezgarcia.com\/portfolio\/wp-content\/uploads\/entre1.jpg 1000w, https:\/\/juanmartinezgarcia.com\/portfolio\/wp-content\/uploads\/entre1-300x300.jpg 300w, https:\/\/juanmartinezgarcia.com\/portfolio\/wp-content\/uploads\/entre1-150x150.jpg 150w, https:\/\/juanmartinezgarcia.com\/portfolio\/wp-content\/uploads\/entre1-768x768.jpg 768w\" sizes=\"(max-width: 1000px) 100vw, 1000px\" \/><figcaption class=\"wp-element-caption\">El Entre<\/figcaption><\/figure>\n","protected":false},"excerpt":{"rendered":"<p>Grupo de investigaci\u00f3n y producci\u00f3n perform\u00e1tica en espacios no convencionales Hablar de El Entre, m\u00e1s que una serie de certezas, es un manojo de preguntas. \u00bfPara qu\u00e9 hacemos arte? \u00bfSolo por el goce est\u00e9tico? \u00bfO para intervenir en la vida social con una herramienta po\u00e9tica? \u00bfo para las dos cosas a la vez?\u00bfPor qu\u00e9 el [&hellip;]<\/p>\n","protected":false},"author":1,"featured_media":2715,"comment_status":"closed","ping_status":"closed","sticky":false,"template":"","format":"standard","meta":{"footnotes":""},"categories":[2],"tags":[],"class_list":["post-579","post","type-post","status-publish","format-standard","has-post-thumbnail","hentry","category-proyecto"],"_links":{"self":[{"href":"https:\/\/juanmartinezgarcia.com\/portfolio\/wp-json\/wp\/v2\/posts\/579","targetHints":{"allow":["GET"]}}],"collection":[{"href":"https:\/\/juanmartinezgarcia.com\/portfolio\/wp-json\/wp\/v2\/posts"}],"about":[{"href":"https:\/\/juanmartinezgarcia.com\/portfolio\/wp-json\/wp\/v2\/types\/post"}],"author":[{"embeddable":true,"href":"https:\/\/juanmartinezgarcia.com\/portfolio\/wp-json\/wp\/v2\/users\/1"}],"replies":[{"embeddable":true,"href":"https:\/\/juanmartinezgarcia.com\/portfolio\/wp-json\/wp\/v2\/comments?post=579"}],"version-history":[{"count":1,"href":"https:\/\/juanmartinezgarcia.com\/portfolio\/wp-json\/wp\/v2\/posts\/579\/revisions"}],"predecessor-version":[{"id":2809,"href":"https:\/\/juanmartinezgarcia.com\/portfolio\/wp-json\/wp\/v2\/posts\/579\/revisions\/2809"}],"wp:featuredmedia":[{"embeddable":true,"href":"https:\/\/juanmartinezgarcia.com\/portfolio\/wp-json\/wp\/v2\/media\/2715"}],"wp:attachment":[{"href":"https:\/\/juanmartinezgarcia.com\/portfolio\/wp-json\/wp\/v2\/media?parent=579"}],"wp:term":[{"taxonomy":"category","embeddable":true,"href":"https:\/\/juanmartinezgarcia.com\/portfolio\/wp-json\/wp\/v2\/categories?post=579"},{"taxonomy":"post_tag","embeddable":true,"href":"https:\/\/juanmartinezgarcia.com\/portfolio\/wp-json\/wp\/v2\/tags?post=579"}],"curies":[{"name":"wp","href":"https:\/\/api.w.org\/{rel}","templated":true}]}}