{"id":3297,"date":"2024-05-10T09:15:20","date_gmt":"2024-05-10T12:15:20","guid":{"rendered":"https:\/\/juanmartinezgarcia.com\/portfolio\/?p=3297"},"modified":"2024-05-10T09:17:12","modified_gmt":"2024-05-10T12:17:12","slug":"arcano","status":"publish","type":"post","link":"https:\/\/juanmartinezgarcia.com\/portfolio\/arcano\/","title":{"rendered":"ARCANO"},"content":{"rendered":"\n<p>En la \ud835\udd2b\ud835\udd26\ud835\udd22\ud835\udd1f\ud835\udd29\ud835\udd1e se esconde un \ud835\udd2a\ud835\udd26\ud835\udd31\ud835\udd2c criado en \ud835\udd29\ud835\udd2c \ud835\udd2d\ud835\udd2f\ud835\udd2c\ud835\udd23\ud835\udd32\ud835\udd2b\ud835\udd21\ud835\udd2c de un \ud835\udd25\ud835\udd32\ud835\udd2a\ud835\udd22\ud835\udd21\ud835\udd1e\ud835\udd29 digital alimentado por la \ud835\udd1f\ud835\udd2c\ud835\udd26\ud835\udd2f\ud835\udd1e del norte.<\/p>\n\n\n\n<p><a href=\"https:\/\/www.instagram.com\/el.flavo\/\">@el.flavo<\/a>\u00a0&amp;\u00a0<a href=\"https:\/\/www.instagram.com\/juan_austral\/\">@juan_austral<\/a><\/p>\n\n\n\n<p>Este EP nace de una exploraci\u00f3n sonora conjunta durante todo el 2023, lo concibo como una invitaci\u00f3n a la contemplaci\u00f3n de texturas, paisajes sonoros, r\u00edtmica propia y apreciaci\u00f3n de lo escondido a simple vista (o escucha).<\/p>\n\n\n\n<p>Este \u00e1lbum lo compartimos a trav\u00e9s de nuestro sello amigo\u00a0<a href=\"https:\/\/www.instagram.com\/opositivx\/\">@opositivx<\/a>.<br>Pueden escucharlo en las principales plataformas haciendo click en la que prefieran<\/p>\n\n\n\n<p><a href=\"https:\/\/songwhip.com\/juanaustral\/arcano\" data-type=\"link\" data-id=\"https:\/\/songwhip.com\/juanaustral\/arcano\">SPOTIFY<\/a>   <a href=\"https:\/\/youtube.com\/playlist?list=OLAK5uy_nN8mkmqGfqHIBO88nPVQQkQReowux5yqE\" data-type=\"link\" data-id=\"https:\/\/youtube.com\/playlist?list=OLAK5uy_nN8mkmqGfqHIBO88nPVQQkQReowux5yqE\">YOUTUBE<\/a>   <a href=\"https:\/\/opositivx.bandcamp.com\/album\/arcano\" data-type=\"link\" data-id=\"https:\/\/opositivx.bandcamp.com\/album\/arcano\">BANDCAMP<\/a>   <a href=\"https:\/\/listen.tidal.com\/album\/348262444\" data-type=\"link\" data-id=\"https:\/\/listen.tidal.com\/album\/348262444\">TIDAL<\/a><\/p>\n\n\n\n<p>\u00abUn acto de apertura, una invitaci\u00f3n, una caminata a solas, arcilla en la planta del pie, roc\u00edo sobre el rostro, un gran umbral de temperatura.\u00bb<\/p>\n\n\n\n<p>Mendoza, Argentina &#8211; 2024<\/p>\n\n\n\n<figure class=\"wp-block-image size-large\"><img fetchpriority=\"high\" decoding=\"async\" width=\"1024\" height=\"1024\" src=\"https:\/\/juanmartinezgarcia.com\/portfolio\/wp-content\/uploads\/Cover-Frente-min-1024x1024.jpeg\" alt=\"ARCANO\" class=\"wp-image-3298\" srcset=\"https:\/\/juanmartinezgarcia.com\/portfolio\/wp-content\/uploads\/Cover-Frente-min-1024x1024.jpeg 1024w, https:\/\/juanmartinezgarcia.com\/portfolio\/wp-content\/uploads\/Cover-Frente-min-300x300.jpeg 300w, https:\/\/juanmartinezgarcia.com\/portfolio\/wp-content\/uploads\/Cover-Frente-min-150x150.jpeg 150w, https:\/\/juanmartinezgarcia.com\/portfolio\/wp-content\/uploads\/Cover-Frente-min-768x768.jpeg 768w, https:\/\/juanmartinezgarcia.com\/portfolio\/wp-content\/uploads\/Cover-Frente-min-1536x1536.jpeg 1536w, https:\/\/juanmartinezgarcia.com\/portfolio\/wp-content\/uploads\/Cover-Frente-min.jpeg 2000w\" sizes=\"(max-width: 1024px) 100vw, 1024px\" \/><figcaption class=\"wp-element-caption\">ARCANO<\/figcaption><\/figure>\n","protected":false},"excerpt":{"rendered":"<p>En la \ud835\udd2b\ud835\udd26\ud835\udd22\ud835\udd1f\ud835\udd29\ud835\udd1e se esconde un \ud835\udd2a\ud835\udd26\ud835\udd31\ud835\udd2c criado en \ud835\udd29\ud835\udd2c \ud835\udd2d\ud835\udd2f\ud835\udd2c\ud835\udd23\ud835\udd32\ud835\udd2b\ud835\udd21\ud835\udd2c de un \ud835\udd25\ud835\udd32\ud835\udd2a\ud835\udd22\ud835\udd21\ud835\udd1e\ud835\udd29 digital alimentado por la \ud835\udd1f\ud835\udd2c\ud835\udd26\ud835\udd2f\ud835\udd1e del norte. @el.flavo\u00a0&amp;\u00a0@juan_austral Este EP nace de una exploraci\u00f3n sonora conjunta durante todo el 2023, lo concibo como una invitaci\u00f3n a la contemplaci\u00f3n de texturas, paisajes sonoros, r\u00edtmica propia y apreciaci\u00f3n de lo escondido a simple [&hellip;]<\/p>\n","protected":false},"author":1,"featured_media":3298,"comment_status":"open","ping_status":"open","sticky":false,"template":"","format":"standard","meta":{"footnotes":""},"categories":[10,2],"tags":[],"class_list":["post-3297","post","type-post","status-publish","format-standard","has-post-thumbnail","hentry","category-destacada","category-proyecto"],"_links":{"self":[{"href":"https:\/\/juanmartinezgarcia.com\/portfolio\/wp-json\/wp\/v2\/posts\/3297","targetHints":{"allow":["GET"]}}],"collection":[{"href":"https:\/\/juanmartinezgarcia.com\/portfolio\/wp-json\/wp\/v2\/posts"}],"about":[{"href":"https:\/\/juanmartinezgarcia.com\/portfolio\/wp-json\/wp\/v2\/types\/post"}],"author":[{"embeddable":true,"href":"https:\/\/juanmartinezgarcia.com\/portfolio\/wp-json\/wp\/v2\/users\/1"}],"replies":[{"embeddable":true,"href":"https:\/\/juanmartinezgarcia.com\/portfolio\/wp-json\/wp\/v2\/comments?post=3297"}],"version-history":[{"count":1,"href":"https:\/\/juanmartinezgarcia.com\/portfolio\/wp-json\/wp\/v2\/posts\/3297\/revisions"}],"predecessor-version":[{"id":3299,"href":"https:\/\/juanmartinezgarcia.com\/portfolio\/wp-json\/wp\/v2\/posts\/3297\/revisions\/3299"}],"wp:featuredmedia":[{"embeddable":true,"href":"https:\/\/juanmartinezgarcia.com\/portfolio\/wp-json\/wp\/v2\/media\/3298"}],"wp:attachment":[{"href":"https:\/\/juanmartinezgarcia.com\/portfolio\/wp-json\/wp\/v2\/media?parent=3297"}],"wp:term":[{"taxonomy":"category","embeddable":true,"href":"https:\/\/juanmartinezgarcia.com\/portfolio\/wp-json\/wp\/v2\/categories?post=3297"},{"taxonomy":"post_tag","embeddable":true,"href":"https:\/\/juanmartinezgarcia.com\/portfolio\/wp-json\/wp\/v2\/tags?post=3297"}],"curies":[{"name":"wp","href":"https:\/\/api.w.org\/{rel}","templated":true}]}}