{"id":2431,"date":"2022-05-30T19:37:01","date_gmt":"2022-05-30T19:37:01","guid":{"rendered":"http:\/\/juan-martinez-garcia.local\/?post_type=portfolio&#038;p=2431"},"modified":"2023-08-16T09:05:46","modified_gmt":"2023-08-16T12:05:46","slug":"metapresencia","status":"publish","type":"post","link":"https:\/\/juanmartinezgarcia.com\/portfolio\/metapresencia\/","title":{"rendered":"METAPRESENCIA"},"content":{"rendered":"<p><b>\/\/\/\/\/\/\/\/ PRESENTACI\u00d3N<\/b><\/p>\n<p><b>METAPRESENCIA <\/b>es una invitaci\u00f3n a re-flexionar nuestras bases sobre la diferencia entre presencialidad y virtualidad activando dispositivos de vinculaci\u00f3n con un otrx u otrxs. Es una peque\u00f1a caser\u00eda de errores, un puerto sin protocolo definido, un espacio sin gravedad ajena.<b>\u00a0\u00a0<\/b><\/p>\n<p>Creaci\u00f3n y ejecuci\u00f3n: Juan Martinez Garcia<br \/>Sistemas tecnol\u00f3gicos y Visuales: Juan Martinez Garcia<\/p>\n<p><b>\/\/\/\/\/\/\/\/ ORIGEN<\/b><\/p>\n<p><b>METAPRESENCIA<\/b> surge a partir de las inc\u00f3gnitas que abre METAESPACIOS( la obra predecesora que fue originada en un entorno 100% virtual). Esta vez se trabajar\u00e1 sobre el concepto Presencia y c\u00f3mo esta se desarrolla hoy luego de que la pandemia trajera nuevas formas de relaci\u00f3n. Las nuevas posibilidades y las posibilidades reformuladas del estar presente con m\u00e9todos virtuales y presenciales. En <b>METAPRESENCIA<\/b> se pretende llegar a una fase ALFA de la obra, donde se experimentar\u00e1 y reflexionar\u00e1 en conjunto sobre la neo-presencia individual y colectiva.<\/p>\n<p><span style=\"font-size: 10pt;\">\/\/\/\/\/\/\/\/\/ Juan Martinez Garcia<\/span><\/p>\n<p><span style=\"font-size: 10pt;\">Artista Esc\u00e9nico y Multimedial &#8211; Gestor Cultural. <\/span> <span style=\"font-size: 10pt;\">Oriundo de R\u00edo Grande, Tierra del Fuego me he formado en las artes esc\u00e9nicas y multimedia en la Ciudad de Buenos Aires sumando posteriormente la labor de gesti\u00f3n cultural. Desarroll\u00e9 obras y proyectos culturales en Buenos Aires, Entre R\u00edos, Bogot\u00e1 (Colombia), Valpara\u00edso (Chile), Mendoza y en colaboraci\u00f3n virtual en Mexicali (M\u00e9xico) y Chile. Actualmente resido en la provincia de Mendoza creando Obras de arte esc\u00e9nico, trabajando en gesti\u00f3n de proyectos culturales y docencia independiente.<\/span><\/p>\n<p>\/\/\/\/\/\/\/\/\/ <strong>FUNCIONES<\/strong><\/p>\n<p><span class=\"_7UhW9 xLCgt MMzan KV-D4 se6yk T0kll \">4 y 5 de Junio<br \/>21hs<br \/><a class=\"notranslate\" tabindex=\"0\" href=\"https:\/\/www.instagram.com\/espaciotiempoesarte\/\">@espaciotiempoesarte<\/a> <\/span><\/p>\n<p>Esta fue seleccionada por <strong>Fondo Nacional de las Artes <\/strong>para las <strong>Becas de Creaci\u00f3n 2021<\/strong><\/p>\n<p>Las funciones de el Espacio Tiempo es Arte contaron con el apoyo de <strong>Cultura de Godoy Cruz<\/strong><\/p>\n<p><strong>Registros de la acci\u00f3n<\/strong><\/p>\n<\/p>\n\n\n<figure class=\"wp-block-gallery has-nested-images columns-default is-cropped wp-block-gallery-1 is-layout-flex wp-block-gallery-is-layout-flex\">\n<figure class=\"wp-block-image size-large\"><img fetchpriority=\"high\" decoding=\"async\" width=\"576\" height=\"1024\" data-id=\"2640\" src=\"https:\/\/juanmartinezgarcia.com\/portfolio\/wp-content\/uploads\/lo-vivo-sufre-pequenos-cambios-yo-correcciones-de-errores-se-requiere-la-asignacion-de-un-nuevo-nombre-codigo-o-numero-unico--576x1024.png\" alt=\"METAPRESENCIA - Juan Martinez Garcia\" class=\"wp-image-2640\" srcset=\"https:\/\/juanmartinezgarcia.com\/portfolio\/wp-content\/uploads\/lo-vivo-sufre-pequenos-cambios-yo-correcciones-de-errores-se-requiere-la-asignacion-de-un-nuevo-nombre-codigo-o-numero-unico--576x1024.png 576w, https:\/\/juanmartinezgarcia.com\/portfolio\/wp-content\/uploads\/lo-vivo-sufre-pequenos-cambios-yo-correcciones-de-errores-se-requiere-la-asignacion-de-un-nuevo-nombre-codigo-o-numero-unico--169x300.png 169w, https:\/\/juanmartinezgarcia.com\/portfolio\/wp-content\/uploads\/lo-vivo-sufre-pequenos-cambios-yo-correcciones-de-errores-se-requiere-la-asignacion-de-un-nuevo-nombre-codigo-o-numero-unico--768x1365.png 768w, https:\/\/juanmartinezgarcia.com\/portfolio\/wp-content\/uploads\/lo-vivo-sufre-pequenos-cambios-yo-correcciones-de-errores-se-requiere-la-asignacion-de-un-nuevo-nombre-codigo-o-numero-unico--864x1536.png 864w, https:\/\/juanmartinezgarcia.com\/portfolio\/wp-content\/uploads\/lo-vivo-sufre-pequenos-cambios-yo-correcciones-de-errores-se-requiere-la-asignacion-de-un-nuevo-nombre-codigo-o-numero-unico-.png 1080w\" sizes=\"(max-width: 576px) 100vw, 576px\" \/><figcaption class=\"wp-element-caption\">METAPRESENCIA &#8211; Juan Martinez Garcia<\/figcaption><\/figure>\n\n\n\n<figure class=\"wp-block-image size-large\"><img decoding=\"async\" width=\"598\" height=\"448\" data-id=\"2652\" src=\"https:\/\/juanmartinezgarcia.com\/portfolio\/wp-content\/uploads\/metaepresencia.gif\" alt=\"METAPRESENCIA - Juan Martinez Garcia\" class=\"wp-image-2652\"\/><figcaption class=\"wp-element-caption\">METAPRESENCIA &#8211; Juan Martinez Garcia<\/figcaption><\/figure>\n\n\n\n<figure class=\"wp-block-image size-large\"><img decoding=\"async\" width=\"576\" height=\"1024\" data-id=\"2733\" src=\"https:\/\/juanmartinezgarcia.com\/portfolio\/wp-content\/uploads\/WhatsApp-Image-2022-09-15-at-18.28.40-576x1024.jpeg\" alt=\"METAPRESENCIA - Juan Martinez Garcia\" class=\"wp-image-2733\" srcset=\"https:\/\/juanmartinezgarcia.com\/portfolio\/wp-content\/uploads\/WhatsApp-Image-2022-09-15-at-18.28.40-576x1024.jpeg 576w, https:\/\/juanmartinezgarcia.com\/portfolio\/wp-content\/uploads\/WhatsApp-Image-2022-09-15-at-18.28.40-169x300.jpeg 169w, https:\/\/juanmartinezgarcia.com\/portfolio\/wp-content\/uploads\/WhatsApp-Image-2022-09-15-at-18.28.40-768x1365.jpeg 768w, https:\/\/juanmartinezgarcia.com\/portfolio\/wp-content\/uploads\/WhatsApp-Image-2022-09-15-at-18.28.40-864x1536.jpeg 864w, https:\/\/juanmartinezgarcia.com\/portfolio\/wp-content\/uploads\/WhatsApp-Image-2022-09-15-at-18.28.40.jpeg 900w\" sizes=\"(max-width: 576px) 100vw, 576px\" \/><figcaption class=\"wp-element-caption\">METAPRESENCIA &#8211; Juan Martinez Garcia<\/figcaption><\/figure>\n\n\n\n<figure class=\"wp-block-image size-large\"><img loading=\"lazy\" decoding=\"async\" width=\"1024\" height=\"768\" data-id=\"2727\" src=\"https:\/\/juanmartinezgarcia.com\/portfolio\/wp-content\/uploads\/WhatsApp-Image-2022-09-15-at-18.28.24-1024x768.jpeg\" alt=\"METAPRESENCIA - Juan Martinez Garcia\" class=\"wp-image-2727\" srcset=\"https:\/\/juanmartinezgarcia.com\/portfolio\/wp-content\/uploads\/WhatsApp-Image-2022-09-15-at-18.28.24-1024x768.jpeg 1024w, https:\/\/juanmartinezgarcia.com\/portfolio\/wp-content\/uploads\/WhatsApp-Image-2022-09-15-at-18.28.24-300x225.jpeg 300w, https:\/\/juanmartinezgarcia.com\/portfolio\/wp-content\/uploads\/WhatsApp-Image-2022-09-15-at-18.28.24-768x576.jpeg 768w, https:\/\/juanmartinezgarcia.com\/portfolio\/wp-content\/uploads\/WhatsApp-Image-2022-09-15-at-18.28.24-1536x1152.jpeg 1536w, https:\/\/juanmartinezgarcia.com\/portfolio\/wp-content\/uploads\/WhatsApp-Image-2022-09-15-at-18.28.24.jpeg 1600w\" sizes=\"(max-width: 1024px) 100vw, 1024px\" \/><figcaption class=\"wp-element-caption\">METAPRESENCIA &#8211; Juan Martinez Garcia<\/figcaption><\/figure>\n\n\n\n<figure class=\"wp-block-image size-large\"><img loading=\"lazy\" decoding=\"async\" width=\"1024\" height=\"576\" data-id=\"2730\" src=\"https:\/\/juanmartinezgarcia.com\/portfolio\/wp-content\/uploads\/WhatsApp-Image-2022-09-15-at-18.28.04-1024x576.jpeg\" alt=\"METAPRESENCIA - Juan Martinez Garcia\" class=\"wp-image-2730\" srcset=\"https:\/\/juanmartinezgarcia.com\/portfolio\/wp-content\/uploads\/WhatsApp-Image-2022-09-15-at-18.28.04-1024x576.jpeg 1024w, https:\/\/juanmartinezgarcia.com\/portfolio\/wp-content\/uploads\/WhatsApp-Image-2022-09-15-at-18.28.04-300x169.jpeg 300w, https:\/\/juanmartinezgarcia.com\/portfolio\/wp-content\/uploads\/WhatsApp-Image-2022-09-15-at-18.28.04-768x432.jpeg 768w, https:\/\/juanmartinezgarcia.com\/portfolio\/wp-content\/uploads\/WhatsApp-Image-2022-09-15-at-18.28.04-1536x864.jpeg 1536w, https:\/\/juanmartinezgarcia.com\/portfolio\/wp-content\/uploads\/WhatsApp-Image-2022-09-15-at-18.28.04.jpeg 1599w\" sizes=\"(max-width: 1024px) 100vw, 1024px\" \/><figcaption class=\"wp-element-caption\">METAPRESENCIA &#8211; Juan Martinez Garcia<\/figcaption><\/figure>\n<\/figure>\n","protected":false},"excerpt":{"rendered":"<p>\/\/\/\/\/\/\/\/ PRESENTACI\u00d3N METAPRESENCIA es una invitaci\u00f3n a re-flexionar nuestras bases sobre la diferencia entre presencialidad y virtualidad activando dispositivos de vinculaci\u00f3n con un otrx u otrxs. Es una peque\u00f1a caser\u00eda de errores, un puerto sin protocolo definido, un espacio sin gravedad ajena.\u00a0\u00a0 Creaci\u00f3n y ejecuci\u00f3n: Juan Martinez GarciaSistemas tecnol\u00f3gicos y Visuales: Juan Martinez Garcia \/\/\/\/\/\/\/\/ [&hellip;]<\/p>\n","protected":false},"author":1,"featured_media":2629,"comment_status":"closed","ping_status":"closed","sticky":false,"template":"","format":"standard","meta":{"footnotes":""},"categories":[3],"tags":[],"class_list":["post-2431","post","type-post","status-publish","format-standard","has-post-thumbnail","hentry","category-obra"],"_links":{"self":[{"href":"https:\/\/juanmartinezgarcia.com\/portfolio\/wp-json\/wp\/v2\/posts\/2431","targetHints":{"allow":["GET"]}}],"collection":[{"href":"https:\/\/juanmartinezgarcia.com\/portfolio\/wp-json\/wp\/v2\/posts"}],"about":[{"href":"https:\/\/juanmartinezgarcia.com\/portfolio\/wp-json\/wp\/v2\/types\/post"}],"author":[{"embeddable":true,"href":"https:\/\/juanmartinezgarcia.com\/portfolio\/wp-json\/wp\/v2\/users\/1"}],"replies":[{"embeddable":true,"href":"https:\/\/juanmartinezgarcia.com\/portfolio\/wp-json\/wp\/v2\/comments?post=2431"}],"version-history":[{"count":2,"href":"https:\/\/juanmartinezgarcia.com\/portfolio\/wp-json\/wp\/v2\/posts\/2431\/revisions"}],"predecessor-version":[{"id":2778,"href":"https:\/\/juanmartinezgarcia.com\/portfolio\/wp-json\/wp\/v2\/posts\/2431\/revisions\/2778"}],"wp:featuredmedia":[{"embeddable":true,"href":"https:\/\/juanmartinezgarcia.com\/portfolio\/wp-json\/wp\/v2\/media\/2629"}],"wp:attachment":[{"href":"https:\/\/juanmartinezgarcia.com\/portfolio\/wp-json\/wp\/v2\/media?parent=2431"}],"wp:term":[{"taxonomy":"category","embeddable":true,"href":"https:\/\/juanmartinezgarcia.com\/portfolio\/wp-json\/wp\/v2\/categories?post=2431"},{"taxonomy":"post_tag","embeddable":true,"href":"https:\/\/juanmartinezgarcia.com\/portfolio\/wp-json\/wp\/v2\/tags?post=2431"}],"curies":[{"name":"wp","href":"https:\/\/api.w.org\/{rel}","templated":true}]}}