{"id":2175,"date":"2021-12-19T23:22:47","date_gmt":"2021-12-19T23:22:47","guid":{"rendered":"http:\/\/juan-martinez-garcia.local\/?post_type=portfolio&#038;p=2175"},"modified":"2023-08-16T09:17:27","modified_gmt":"2023-08-16T12:17:27","slug":"metaespacios","status":"publish","type":"post","link":"https:\/\/juanmartinezgarcia.com\/portfolio\/metaespacios\/","title":{"rendered":"METAESPACIOS"},"content":{"rendered":"<div class=\"entry\">\n<blockquote class=\"wp-block-quote\">\n<p><em>Zona Temporalmente Aut\u00f3noma (TAZ): \u00bb Se sit\u00faa en una intersecci\u00f3n de fuerzas, como una especie de centro de fuerza pagano en la confluencia de misteriosas l\u00edneas c\u00f3smicas, reconocibles al adepto en aparentemente invisibles fragmentos de tierra, paisaje, flujos de aire, agua o animales. Pero ahora las l\u00edneas no est\u00e1n todas trazadas en el espacio-tiempo. Algunas existen s\u00f3lo en el Web, incluso aunque se entrecrucen con tiempos y lugares reales.<\/em> \u00ab<\/p>\n<p><cite><a href=\"\/\/es.wikipedia.org\/wiki\/Hakim_Bey\" target=\"_blank\" rel=\"noopener\"><em>Hakim Bey<\/em><\/a><\/cite><\/p>\n<\/blockquote>\n<p>Nuestra construcci\u00f3n del concepto espacio se vio tan re-estructurada a partir de la cuarentena obligatoria que la necesidad de crear lugar dentro de lugares se potenci\u00f3 de una fract\u00e1lica manera. La privacidad dentro del hogar tom\u00f3 nuevas formas de contemplarse y de ejercerse como pr\u00e1ctica para la coexistencia en espacios reducidos, el afuera ya no se pensaba en centenas o miles de kil\u00f3metros sino en t\u00edmidos metros que parec\u00edan ser un llameante llamado a la desobediencia civil s\u00f3lo contenida por la construcci\u00f3n del compromiso social. El adentro y el afuera hoy se parecen m\u00e1s a una el\u00e1stica y maleable niebla de significado que a un espacio tangible y experimentable por los 5 sentidos.<\/p>\n<p>Construimos con nuestros cyberlenguajes actuales nuevos conceptos que nos permitan sentir que hay lugar dentro del lugar, creamos hiperv\u00ednculos espaciales como una espiral de caracol hacia adentro y edificamos palacios mentales para en ellos sentir el recuerdo de la sensaci\u00f3n de libertad y espacialidad que conoc\u00edamos hasta antes de confinarnos a cuadril\u00e1teros espacios por m\u00e1s tiempo del que est\u00e1bamos acostumbrados. Nuestro deseo de amplitud y de profundidad sigue siendo tan vital que encuentra su manifestaci\u00f3n en la construcci\u00f3n de <em>METAESPACIOS <\/em>que sean una proyecci\u00f3n de aquello que sentimos que de alguna manera hemos perdido aunque sea de manera temporal.<\/p>\n<p class=\"has-text-align-center\">. \u00bfQuien define adentro? .<br \/>. \u00bfQui\u00e9n define afuera? .<\/p>\n<p>En <em>METAESPACIOS <\/em>se crea un espacio hecho de retazos de otros espacios, de otros afuera, habitando un adentro cada vez menos reconocible y as\u00ed desdibujar a\u00fan m\u00e1s nuestra sensaci\u00f3n de espacialidad. Edificado con p\u00edxeles el espacio se habita con sus particularidades digitales propensas al colapso, al fallo, al delay, al caos que las sostiene sobre un delgado hilo construido por ceros y unos.<\/p>\n<p>\/\/\/ Descripci\u00f3n t\u00e9cnica:<\/p>\n<p><em>METAESPACIOS<\/em> sucede en formato Streaming en tiempo real a trav\u00e9s de Youtube. Los espectadores ven la creaci\u00f3n y mutaci\u00f3n de ese espacio virtual, mientras forman parte del contexto a trav\u00e9s del chat de la plataforma de Youtube, en una conversaci\u00f3n en tiempo real que estimula el di\u00e1logo que propone reflexionar sobre a qu\u00e9 llamamos <strong>espacio<\/strong>.<\/p>\n<p>\/\/\/ Idea y realizaci\u00f3n: Juan Martinez Garcia<\/p>\n<p>\/\/\/ Plataforma: Youtube Live<\/p>\n<p>\/\/\/ Duraci\u00f3n: 20 minutos aproximadamente<\/p>\n<p><iframe title=\"YouTube video player\" src=\"https:\/\/www.youtube.com\/embed\/BSEryrRkxYM\" width=\"560\" height=\"315\" frameborder=\"0\" allowfullscreen=\"allowfullscreen\"><\/iframe><\/p>\n<\/p>\n<\/div>\n\n\n<figure class=\"wp-block-image size-full\"><img fetchpriority=\"high\" decoding=\"async\" width=\"789\" height=\"8024\" src=\"https:\/\/juanmartinezgarcia.com\/portfolio\/wp-content\/uploads\/metaespacios-chat.png\" alt=\"\" class=\"wp-image-2642\" srcset=\"https:\/\/juanmartinezgarcia.com\/portfolio\/wp-content\/uploads\/metaespacios-chat.png 789w, https:\/\/juanmartinezgarcia.com\/portfolio\/wp-content\/uploads\/metaespacios-chat-768x7810.png 768w, https:\/\/juanmartinezgarcia.com\/portfolio\/wp-content\/uploads\/metaespacios-chat-151x1536.png 151w\" sizes=\"(max-width: 789px) 100vw, 789px\" \/><\/figure>\n","protected":false},"excerpt":{"rendered":"<p>Zona Temporalmente Aut\u00f3noma (TAZ): \u00bb Se sit\u00faa en una intersecci\u00f3n de fuerzas, como una especie de centro de fuerza pagano en la confluencia de misteriosas l\u00edneas c\u00f3smicas, reconocibles al adepto en aparentemente invisibles fragmentos de tierra, paisaje, flujos de aire, agua o animales. Pero ahora las l\u00edneas no est\u00e1n todas trazadas en el espacio-tiempo. Algunas [&hellip;]<\/p>\n","protected":false},"author":1,"featured_media":2792,"comment_status":"closed","ping_status":"closed","sticky":false,"template":"","format":"standard","meta":{"footnotes":""},"categories":[3],"tags":[],"class_list":["post-2175","post","type-post","status-publish","format-standard","has-post-thumbnail","hentry","category-obra"],"_links":{"self":[{"href":"https:\/\/juanmartinezgarcia.com\/portfolio\/wp-json\/wp\/v2\/posts\/2175","targetHints":{"allow":["GET"]}}],"collection":[{"href":"https:\/\/juanmartinezgarcia.com\/portfolio\/wp-json\/wp\/v2\/posts"}],"about":[{"href":"https:\/\/juanmartinezgarcia.com\/portfolio\/wp-json\/wp\/v2\/types\/post"}],"author":[{"embeddable":true,"href":"https:\/\/juanmartinezgarcia.com\/portfolio\/wp-json\/wp\/v2\/users\/1"}],"replies":[{"embeddable":true,"href":"https:\/\/juanmartinezgarcia.com\/portfolio\/wp-json\/wp\/v2\/comments?post=2175"}],"version-history":[{"count":2,"href":"https:\/\/juanmartinezgarcia.com\/portfolio\/wp-json\/wp\/v2\/posts\/2175\/revisions"}],"predecessor-version":[{"id":2793,"href":"https:\/\/juanmartinezgarcia.com\/portfolio\/wp-json\/wp\/v2\/posts\/2175\/revisions\/2793"}],"wp:featuredmedia":[{"embeddable":true,"href":"https:\/\/juanmartinezgarcia.com\/portfolio\/wp-json\/wp\/v2\/media\/2792"}],"wp:attachment":[{"href":"https:\/\/juanmartinezgarcia.com\/portfolio\/wp-json\/wp\/v2\/media?parent=2175"}],"wp:term":[{"taxonomy":"category","embeddable":true,"href":"https:\/\/juanmartinezgarcia.com\/portfolio\/wp-json\/wp\/v2\/categories?post=2175"},{"taxonomy":"post_tag","embeddable":true,"href":"https:\/\/juanmartinezgarcia.com\/portfolio\/wp-json\/wp\/v2\/tags?post=2175"}],"curies":[{"name":"wp","href":"https:\/\/api.w.org\/{rel}","templated":true}]}}